{"id":24391,"date":"2026-04-25T16:47:05","date_gmt":"2026-04-25T15:47:05","guid":{"rendered":"https:\/\/gok.brojce.pl\/?p=24391"},"modified":"2026-04-25T17:03:08","modified_gmt":"2026-04-25T16:03:08","slug":"25-04-2026-r-warsztaty-rodzinne-czas-z-rodzina-i-glina-w-bukowcu","status":"publish","type":"post","link":"https:\/\/gok.brojce.pl\/index.php\/2026\/04\/25\/25-04-2026-r-warsztaty-rodzinne-czas-z-rodzina-i-glina-w-bukowcu\/","title":{"rendered":"25.04.2026 r. Warsztaty rodzinne \u201eCzas z rodzin\u0105 i glin\u0105\u201d w Bukowcu"},"content":{"rendered":"\n    <div style=\"margin-top: 20px;\">\n        <button id=\"listenButton1\" type=\"button\" style=\"display: block; margin: 0; padding: 10px 20px; font-size: 16px;\">\n            \ud83d\udd0a Odtw\u00f3rz tre\u015b\u0107\n        <\/button>\n    <\/div>\n\n    <script src=\"https:\/\/code.responsivevoice.org\/responsivevoice.js?key=NflFNtPZ\"><\/script>\n\n    <script>\n        document.getElementById(\"listenButton1\").onclick = function() {\n            var contentElement = document.querySelector(\".entry-content, .post-content, .page-content\");\n\n            if (contentElement) {\n                var content = contentElement.innerText;\n                if (responsiveVoice.isPlaying()) {\n                    responsiveVoice.cancel();\n                } else {\n                    responsiveVoice.speak(content, \"Polish Female\");\n                }\n            } else {\n                alert(\"Nie znaleziono tre\u015bci do odczytania.\");\n            }\n        };\n    <\/script><p data-start=\"114\" data-end=\"457\">W sobot\u0119, 25 kwietnia 2026 r., w \u015bwietlicy w Bukowcu \u2013 filii Gminnego O\u015brodka Kultury w Br\u00f3jcach \u2013 odby\u0142o si\u0119 wyj\u0105tkowe spotkanie integracyjne po\u0142\u0105czone z warsztatami artystycznymi pod has\u0142em \u201eCzas z rodzin\u0105 i glin\u0105\u201d. Wydarzenie zgromadzi\u0142o przedstawicieli samorz\u0105du, instytucji wspieraj\u0105cych mieszka\u0144c\u00f3w regionu oraz licznie przyby\u0142e rodziny.<\/p>\n<p data-start=\"459\" data-end=\"702\">Uroczystego powitania go\u015bci dokona\u0142a Dyrektor Gminnego O\u015brodka Kultury w Br\u00f3jcach \u2013 Justyna Jurga-Maszczyk. Podczas otwarcia przekazano r\u00f3wnie\u017c pozdrowienia od W\u00f3jta Gminy Br\u00f3jce &#8211; Rados\u0142awa Agaciaka, kt\u00f3ry z przyczyn s\u0142u\u017cbowych nie m\u00f3g\u0142 uczestniczy\u0107 w wydarzeniu.<\/p>\n<p data-start=\"704\" data-end=\"1089\">W\u015br\u00f3d zaproszonych go\u015bci znale\u017ali si\u0119 m.in.: Artur Ostrowski \u2013 Cz\u0142onek Zarz\u0105du Wojew\u00f3dztwa \u0141\u00f3dzkiego, Ewa G\u0142adysz \u2013 Wicestarosta Powiatu \u0141\u00f3dzkiego Wschodniego, cz\u0142onkinie Zarz\u0105du Powiatu \u0141\u00f3dzkiego Wschodniego \u2013 Zofia S\u00f3jka oraz Marta Stasiak, Piotr Pietrzak \u2013 Zast\u0119pca Dyrektora Regionalnego Centrum Polityki Spo\u0142ecznej w \u0141odzi, a tak\u017ce Jadwiga Kazimierska \u2013 Kierownik GOPS w Br\u00f3jcach.<\/p>\n<p data-start=\"1091\" data-end=\"1600\">Warsztaty zosta\u0142y zorganizowane w ramach projektu, realizowanego we wsp\u00f3\u0142pracy partnerskiej, na podstawie Porozumienia o Wsp\u00f3\u0142pracy Partnerskiej dotycz\u0105cego realizacji zadania pn. \u201eWspieraMY rodziny z \u0142\u00f3dzkiego\u201d, zawartego pomi\u0119dzy Gmin\u0105 Br\u00f3jce a Wojew\u00f3dztwem \u0141\u00f3dzkim-Regionalnym Centrum Polityki Spo\u0142ecznej w \u0141odzi. Zaj\u0119cia poprowadzili przedstawiciele Stowarzyszenia Integracyjnego \u201eKlub Otwartych Serc\u201d w Wieruszowie, kt\u00f3rzy wprowadzili uczestnik\u00f3w w \u015bwiat pracy z glin\u0105 oraz tw\u00f3rczej ekspresji.<\/p>\n<p data-start=\"1602\" data-end=\"2020\">G\u0142\u00f3wnym celem wydarzenia by\u0142o wzmacnianie wi\u0119zi rodzinnych oraz integracja lokalnej spo\u0142eczno\u015bci. Warsztaty stworzy\u0142y uczestnikom przestrze\u0144 do rozwijania kreatywno\u015bci, a przede wszystkim do wsp\u00f3lnego, warto\u015bciowego sp\u0119dzenia czasu, sprzyjaj\u0105cego budowaniu relacji opartych na wsp\u00f3\u0142pracy i wzajemnym wsparciu. Zar\u00f3wno dzieci, jak i doro\u015bli \u2013 w tym zaproszeni go\u015bcie \u2013 mieli okazj\u0119 w\u0142asnor\u0119cznie wykona\u0107 anio\u0142y z gliny.<\/p>\n<p data-start=\"2022\" data-end=\"2313\">Na zako\u0144czenie ka\u017cde dziecko otrzyma\u0142o maskotk\u0119, natomiast wszyscy uczestnicy zostali obdarowani pami\u0105tkowymi anio\u0142ami. Prace wykonane podczas warsztat\u00f3w zosta\u0142y przekazane do wypalenia w piecu i w najbli\u017cszym czasie wr\u00f3c\u0105 do swoich autor\u00f3w jako wyj\u0105tkowa pami\u0105tka wsp\u00f3lnie sp\u0119dzonych chwil.<\/p>\n<p data-start=\"2315\" data-end=\"2420\">Wydarzenie przebieg\u0142o w ciep\u0142ej, rodzinnej atmosferze, dostarczaj\u0105c uczestnikom wielu pozytywnych wra\u017ce\u0144.<\/p>\n<p>&nbsp;<\/p>\nngg_shortcode_0_placeholder\n<p data-start=\"1991\" data-end=\"2097\" data-is-last-node=\"\" data-is-only-node=\"\">&nbsp;<\/p>\n","protected":false},"excerpt":{"rendered":"<p>\ud83d\udd0a Odtw\u00f3rz tre\u015b\u0107 W sobot\u0119, 25 kwietnia 2026 r., w \u015bwietlicy w Bukowcu \u2013 filii Gminnego O\u015brodka Kultury w Br\u00f3jcach \u2013 odby\u0142o si\u0119 wyj\u0105tkowe spotkanie integracyjne po\u0142\u0105czone z warsztatami artystycznymi pod has\u0142em \u201eCzas z rodzin\u0105 i glin\u0105\u201d. Wydarzenie zgromadzi\u0142o przedstawicieli samorz\u0105du, instytucji wspieraj\u0105cych mieszka\u0144c\u00f3w regionu oraz licznie przyby\u0142e rodziny. Uroczystego powitania go\u015bci dokona\u0142a Dyrektor Gminnego [&hellip;]<\/p>\n","protected":false},"author":2,"featured_media":24392,"comment_status":"closed","ping_status":"open","sticky":false,"template":"","format":"standard","meta":{"site-sidebar-layout":"default","site-content-layout":"","ast-site-content-layout":"default","site-content-style":"default","site-sidebar-style":"default","ast-global-header-display":"","ast-banner-title-visibility":"","ast-main-header-display":"","ast-hfb-above-header-display":"","ast-hfb-below-header-display":"","ast-hfb-mobile-header-display":"","site-post-title":"","ast-breadcrumbs-content":"","ast-featured-img":"","footer-sml-layout":"","ast-disable-related-posts":"","theme-transparent-header-meta":"default","adv-header-id-meta":"","stick-header-meta":"","header-above-stick-meta":"","header-main-stick-meta":"","header-below-stick-meta":"","astra-migrate-meta-layouts":"set","ast-page-background-enabled":"default","ast-page-background-meta":{"desktop":{"background-color":"var(--ast-global-color-4)","background-image":"","background-repeat":"repeat","background-position":"center center","background-size":"auto","background-attachment":"scroll","background-type":"","background-media":"","overlay-type":"","overlay-color":"","overlay-opacity":"","overlay-gradient":""},"tablet":{"background-color":"","background-image":"","background-repeat":"repeat","background-position":"center center","background-size":"auto","background-attachment":"scroll","background-type":"","background-media":"","overlay-type":"","overlay-color":"","overlay-opacity":"","overlay-gradient":""},"mobile":{"background-color":"","background-image":"","background-repeat":"repeat","background-position":"center center","background-size":"auto","background-attachment":"scroll","background-type":"","background-media":"","overlay-type":"","overlay-color":"","overlay-opacity":"","overlay-gradient":""}},"ast-content-background-meta":{"desktop":{"background-color":"var(--ast-global-color-5)","background-image":"","background-repeat":"repeat","background-position":"center center","background-size":"auto","background-attachment":"scroll","background-type":"","background-media":"","overlay-type":"","overlay-color":"","overlay-opacity":"","overlay-gradient":""},"tablet":{"background-color":"var(--ast-global-color-5)","background-image":"","background-repeat":"repeat","background-position":"center center","background-size":"auto","background-attachment":"scroll","background-type":"","background-media":"","overlay-type":"","overlay-color":"","overlay-opacity":"","overlay-gradient":""},"mobile":{"background-color":"var(--ast-global-color-5)","background-image":"","background-repeat":"repeat","background-position":"center center","background-size":"auto","background-attachment":"scroll","background-type":"","background-media":"","overlay-type":"","overlay-color":"","overlay-opacity":"","overlay-gradient":""}},"ngg_post_thumbnail":0,"footnotes":""},"categories":[1],"tags":[],"class_list":["post-24391","post","type-post","status-publish","format-standard","has-post-thumbnail","hentry","category-aktualnosci"],"_links":{"self":[{"href":"https:\/\/gok.brojce.pl\/index.php\/wp-json\/wp\/v2\/posts\/24391","targetHints":{"allow":["GET"]}}],"collection":[{"href":"https:\/\/gok.brojce.pl\/index.php\/wp-json\/wp\/v2\/posts"}],"about":[{"href":"https:\/\/gok.brojce.pl\/index.php\/wp-json\/wp\/v2\/types\/post"}],"author":[{"embeddable":true,"href":"https:\/\/gok.brojce.pl\/index.php\/wp-json\/wp\/v2\/users\/2"}],"replies":[{"embeddable":true,"href":"https:\/\/gok.brojce.pl\/index.php\/wp-json\/wp\/v2\/comments?post=24391"}],"version-history":[{"count":5,"href":"https:\/\/gok.brojce.pl\/index.php\/wp-json\/wp\/v2\/posts\/24391\/revisions"}],"predecessor-version":[{"id":24501,"href":"https:\/\/gok.brojce.pl\/index.php\/wp-json\/wp\/v2\/posts\/24391\/revisions\/24501"}],"wp:featuredmedia":[{"embeddable":true,"href":"https:\/\/gok.brojce.pl\/index.php\/wp-json\/wp\/v2\/media\/24392"}],"wp:attachment":[{"href":"https:\/\/gok.brojce.pl\/index.php\/wp-json\/wp\/v2\/media?parent=24391"}],"wp:term":[{"taxonomy":"category","embeddable":true,"href":"https:\/\/gok.brojce.pl\/index.php\/wp-json\/wp\/v2\/categories?post=24391"},{"taxonomy":"post_tag","embeddable":true,"href":"https:\/\/gok.brojce.pl\/index.php\/wp-json\/wp\/v2\/tags?post=24391"}],"curies":[{"name":"wp","href":"https:\/\/api.w.org\/{rel}","templated":true}]}}